{"id":121191,"date":"2026-03-16T12:48:10","date_gmt":"2026-03-16T11:48:10","guid":{"rendered":"https:\/\/adriaticorealestate.com\/immobiliare\/prednosti-zivota-u-rovinju-i-istri\/"},"modified":"2026-04-28T10:37:56","modified_gmt":"2026-04-28T08:37:56","slug":"vantaggi-della-vita-a-rovigno-e-in-istria-2","status":"publish","type":"post","link":"https:\/\/adriaticorealestate.com\/it\/immobiliare\/vantaggi-della-vita-a-rovigno-e-in-istria-2\/","title":{"rendered":"Vantaggi della vita a Rovigno e in Istria"},"content":{"rendered":"\t\t<div data-elementor-type=\"wp-post\" data-elementor-id=\"121191\" class=\"elementor elementor-121191 elementor-118630\" data-elementor-post-type=\"post\">\n\t\t\t\t\t\t<section class=\"elementor-section elementor-top-section elementor-element elementor-element-1e808a69 elementor-section-boxed elementor-section-height-default elementor-section-height-default\" data-id=\"1e808a69\" data-element_type=\"section\">\n\t\t\t\t\t\t<div class=\"elementor-container elementor-column-gap-default\">\n\t\t\t\t\t<div class=\"elementor-column elementor-col-100 elementor-top-column elementor-element elementor-element-5e4ff5ee\" data-id=\"5e4ff5ee\" data-element_type=\"column\">\n\t\t\t<div class=\"elementor-widget-wrap elementor-element-populated\">\n\t\t\t\t\t\t<div class=\"elementor-element elementor-element-7624bad9 elementor-widget elementor-widget-text-editor\" data-id=\"7624bad9\" data-element_type=\"widget\" data-widget_type=\"text-editor.default\">\n\t\t\t\t<div class=\"elementor-widget-container\">\n\t\t\t\t\t\t\t\t\t\n<p>Negli ultimi quindici anni, Rovigno, cos\u00ec come l\u2019Istria in generale, ha vissuto una vera e propria rinascita ed \u00e8 diventata una destinazione estremamente attraente sia per il turismo che per la vita quotidiana.<\/p>\n\n<p>Considerando le splendide vedute di citt\u00e0 storiche e piccoli borghi come Rovigno, Cittanova, Montona, Grisignana e molti altri, circondati da natura incontaminata e dal mare, non \u00e8 necessaria un\u2019analisi approfondita per capire cosa attira sempre pi\u00f9 persone in Istria \u2013 sia per le vacanze che per vivere stabilmente.<\/p>\n\n<p>Di seguito cercheremo di evidenziare alcuni dei fattori pi\u00f9 importanti per cui sempre pi\u00f9 persone scelgono di vivere in Istria.<\/p>\n\n<h2 class=\"wp-block-heading\"><strong>I principali vantaggi della vita in Istria<\/strong><\/h2>\n\n<h3 class=\"wp-block-heading\"><strong>1. SICUREZZA<\/strong><\/h3>\n\n<p>A livello globale esiste attualmente una forte sensazione di insicurezza, causata da guerre, instabilit\u00e0 politica e dall\u2019aumento della criminalit\u00e0 nelle grandi aree urbane. Per questo motivo, sempre pi\u00f9 persone stanno considerando di trasferirsi in ambienti pi\u00f9 sicuri e tranquilli.<\/p>\n\n<p>In questo contesto \u00e8 importante sottolineare che la Croazia \u00e8 generalmente un paese molto sicuro. Secondo l\u2019Institute for Economics and Peace e il loro indice Global Peace Index, la Croazia si colloca da anni tra i 20 paesi pi\u00f9 sicuri al mondo.<\/p>\n\n<p>Allo stesso modo, nelle ricerche internazionali sulla percezione della sicurezza, la Croazia viene spesso evidenziata come uno dei paesi in cui le persone si sentono molto sicure a camminare di notte.<\/p>\n\n<p>All\u2019interno della Croazia, l\u2019Istria \u00e8 considerata una delle regioni pi\u00f9 sicure. \u00c8 ancora presente un forte senso di comunit\u00e0 e fiducia \u2013 molti residenti non sentono la necessit\u00e0 di chiudere a chiave l\u2019auto, i genitori si sentono sicuri nel lasciare i bambini andare a scuola da soli e, in generale, esiste un forte senso di comunit\u00e0 locale che si prende cura della sicurezza dei propri cittadini.<\/p>\n\n<h3 class=\"wp-block-heading\"><strong>2. CLIMA<\/strong><\/h3>\n\n<p>L\u2019Istria pu\u00f2 vantare un microclima eccezionale caratterizzato da inverni miti ed estati moderatamente calde, rendendola molto piacevole da vivere durante tutto l\u2019anno.<\/p>\n\n<p>Di seguito sono riportati i valori medi per la costa occidentale dell\u2019Istria e per l\u2019Istria centrale (interna).<\/p>\n\n<p><strong>Costa occidentale dell\u2019Istria<\/strong><\/p>\n\n<p><strong>Giorni di sole e pioggia<\/strong><\/p>\n\n<ul class=\"wp-block-list\">\n<li>circa 125 \u2013 140 giorni completamente soleggiati all\u2019anno<\/li>\n<li>circa 80 \u2013 100 giorni di pioggia all\u2019anno<\/li>\n<\/ul>\n\n<p><strong>Temperature<\/strong><\/p>\n\n<p>Inverno<\/p>\n\n<ul class=\"wp-block-list\">\n<li>temperature minime: 3 \u2013 6 \u00b0C<\/li>\n<li>temperature diurne: 8 \u2013 12 \u00b0C<\/li>\n<\/ul>\n\n<p>Estate<\/p>\n\n<ul class=\"wp-block-list\">\n<li>temperature massime: 27 \u2013 31 \u00b0C<\/li>\n<li>temperature notturne: 18 \u2013 22 \u00b0C<\/li>\n<\/ul>\n\n<p><strong>Istria centrale \/ interna<\/strong><\/p>\n\n<p><strong>Giorni di sole e pioggia<\/strong><\/p>\n\n<ul class=\"wp-block-list\">\n<li>circa 110 \u2013 130 giorni di sole all\u2019anno<\/li>\n<li>circa 100 \u2013 120 giorni di pioggia all\u2019anno<\/li>\n<\/ul>\n\n<p><strong>Temperature<\/strong><\/p>\n\n<p>Inverno<\/p>\n\n<ul class=\"wp-block-list\">\n<li>temperature minime: 0 \u2013 3 \u00b0C<\/li>\n<li>temperature diurne: 5 \u2013 9 \u00b0C<\/li>\n<\/ul>\n\n<p>Estate<\/p>\n\n<ul class=\"wp-block-list\">\n<li>temperature massime: 29 \u2013 33 \u00b0C<\/li>\n<li>temperature notturne: 16 \u2013 19 \u00b0C<\/li>\n<\/ul>\n\n<h3 class=\"wp-block-heading\"><strong>3. POSIZIONE GEOGRAFICA<\/strong><\/h3>\n\n<p>L\u2019Istria ha una posizione geografica estremamente favorevole, trovandosi a una giornata di viaggio in auto da gran parte dell\u2019Europa centrale.<\/p>\n\n<p>Dall\u2019Istria \u00e8 possibile raggiungere relativamente rapidamente alcune delle pi\u00f9 belle citt\u00e0 europee come Venezia, Budapest, Lubiana o Vienna.<\/p>\n\n<p>Durante i mesi invernali, in poche ore di auto si possono raggiungere anche rinomate localit\u00e0 sciistiche alpine.<\/p>\n\n<p><strong>Citt\u00e0 principali pi\u00f9 vicine<\/strong><\/p>\n\n<figure class=\"wp-block-table\">\n<table class=\"has-fixed-layout\">\n<thead>\n<tr>\n<td><strong>Citt\u00e0<\/strong><\/td>\n<td><strong>Distanza<\/strong><\/td>\n<td><strong>Tempo di percorrenza<\/strong><\/td>\n<\/tr>\n<\/thead>\n<tbody>\n<tr>\n<td>Trieste<\/td>\n<td>~100 km<\/td>\n<td>~1 h 30 min<\/td>\n<\/tr>\n<tr>\n<td>Lubiana<\/td>\n<td>~180 km<\/td>\n<td>~2 h<\/td>\n<\/tr>\n<tr>\n<td>Venezia<\/td>\n<td>~240 km<\/td>\n<td>~3 h<\/td>\n<\/tr>\n<tr>\n<td>Zagabria<\/td>\n<td>~250 km<\/td>\n<td>~3 h<\/td>\n<\/tr>\n<tr>\n<td>Milano<\/td>\n<td>~500 km<\/td>\n<td>~5 h<\/td>\n<\/tr>\n<tr>\n<td>Vienna<\/td>\n<td>~500 km<\/td>\n<td>~5\u20136 h<\/td>\n<\/tr>\n<tr>\n<td>Monaco<\/td>\n<td>~520 km<\/td>\n<td>~5\u20136 h<\/td>\n<\/tr>\n<tr>\n<td>Budapest<\/td>\n<td>~550 km<\/td>\n<td>~6 h<\/td>\n<\/tr>\n<\/tbody>\n<\/table>\n<\/figure>\n\n<p><strong>Aeroporti pi\u00f9 vicini<\/strong><\/p>\n\n<p><strong>In Istria<\/strong><\/p>\n\n<ul class=\"wp-block-list\">\n<li>Aeroporto di Pola \u2013 circa 40 km da Rovigno<\/li>\n<\/ul>\n\n<p><strong>Nelle vicinanze<\/strong><\/p>\n\n<ul class=\"wp-block-list\">\n<li>Aeroporto di Trieste \u2013 circa 140 km<\/li>\n<li>Aeroporto di Lubiana \u2013 circa 200 km<\/li>\n<\/ul>\n\n<p><strong>Grandi aeroporti internazionali<\/strong><\/p>\n\n<ul class=\"wp-block-list\">\n<li>Aeroporto Venezia Marco Polo \u2013 circa 250 km<\/li>\n<li>Aeroporto di Zagabria \u2013 circa 260 km<\/li>\n<li>Aeroporto Milano Malpensa \u2013 circa 500 km<\/li>\n<\/ul>\n\n<p><strong>Distanza dalle localit\u00e0 sciistiche<\/strong><\/p>\n\n<p>Una delle particolarit\u00e0 dell\u2019Istria \u00e8 la relativa vicinanza alle Alpi, che consente di combinare la vita al mare con gli sport invernali.<\/p>\n\n<p>Slovenia<\/p>\n\n<ul class=\"wp-block-list\">\n<li>Kranjska Gora \u2013 circa 170 km<\/li>\n<\/ul>\n\n<p>Italia (Dolomiti)<\/p>\n\n<ul class=\"wp-block-list\">\n<li>Cortina d&#8217;Ampezzo \u2013 circa 260 km<\/li>\n<li>Alta Badia \u2013 circa 300 km<\/li>\n<li>Val Gardena \u2013 circa 320 km<\/li>\n<\/ul>\n\n<p>Austria<\/p>\n\n<ul class=\"wp-block-list\">\n<li>Nassfeld \u2013 circa 250 km<\/li>\n<li>St. Anton am Arlberg \u2013 circa 430 km<\/li>\n<\/ul>\n\n<h3 class=\"wp-block-heading\"><strong>4. \u201cSTILE DI VITA MEDITERRANEO\u201d<\/strong><\/h3>\n\n<figure class=\"wp-block-image size-large\"><img fetchpriority=\"high\" decoding=\"async\" width=\"1024\" height=\"576\" class=\"wp-image-118636\" src=\"https:\/\/adriaticorealestate.com\/wp-content\/uploads\/Zivot-u-istru-1-1024x576.jpg\" alt=\"immobili istria\" srcset=\"https:\/\/adriaticorealestate.com\/wp-content\/uploads\/Zivot-u-istru-1-1024x576.jpg 1024w, https:\/\/adriaticorealestate.com\/wp-content\/uploads\/Zivot-u-istru-1.jpg 1379w\" sizes=\"(max-width: 1024px) 100vw, 1024px\" \/><\/figure>\n\n<p>Infine, \u00e8 importante sottolineare che numeri e statistiche possono certamente aiutare nella scelta di un luogo in cui vivere, ma raramente sono il fattore decisivo.<\/p>\n\n<p>La nostra esperienza con numerosi clienti che hanno scelto di vivere in Istria ci ha portato alla conclusione che la loro decisione \u00e8 stata determinata da qualcosa che non pu\u00f2 essere espresso con numeri \u2013 la cosiddetta \u201cfacilit\u00e0 di vivere in Istria\u201d.<\/p>\n\n<p>In Istria, come in gran parte della Croazia, si coltiva ancora uno stile di vita pi\u00f9 lento e rilassato. Le persone apprezzano il tempo trascorso con famiglia e amici, i caff\u00e8 che spesso durano ore, i pranzi che da incontri di lavoro si trasformano in momenti conviviali, cos\u00ec come le riunioni familiari con barbecue all\u2019aperto.<\/p>\n\n<p>Un ruolo speciale nella vita quotidiana \u00e8 occupato anche dai prodotti locali: tartufi, asparagi selvatici, pesce fresco, prosciutto istriano, salsicce e ombolo, oltre a vini locali di altissima qualit\u00e0.<\/p>\n\n<p>Quando si parla di qualit\u00e0 della vita, in Istria si ha spesso la sensazione che il tempo rallenti per un attimo \u2013 quel tanto che basta per fermarsi e ricordare quali sono i veri valori della vita.<\/p>\n\n<p>\u00a0<\/p>\n\t\t\t\t\t\t\t\t<\/div>\n\t\t\t\t<\/div>\n\t\t\t\t\t<\/div>\n\t\t<\/div>\n\t\t\t\t\t<\/div>\n\t\t<\/section>\n\t\t\t\t<\/div>\n\t\t","protected":false},"excerpt":{"rendered":"<p>Negli ultimi quindici anni, Rovigno, cos\u00ec come l\u2019Istria in generale, ha vissuto una vera e propria rinascita ed \u00e8 diventata una destinazione estremamente attraente sia per il turismo che per la vita quotidiana. Considerando le splendide vedute di citt\u00e0 storiche e piccoli borghi come Rovigno, Cittanova, Montona, Grisignana e molti altri, circondati da natura incontaminata [&hellip;]<\/p>\n","protected":false},"author":3,"featured_media":118631,"comment_status":"closed","ping_status":"closed","sticky":false,"template":"","format":"standard","meta":{"footnotes":""},"categories":[58],"tags":[],"yst_prominent_words":[],"class_list":["post-121191","post","type-post","status-publish","format-standard","has-post-thumbnail","hentry","category-immobiliare"],"_links":{"self":[{"href":"https:\/\/adriaticorealestate.com\/it\/wp-json\/wp\/v2\/posts\/121191","targetHints":{"allow":["GET"]}}],"collection":[{"href":"https:\/\/adriaticorealestate.com\/it\/wp-json\/wp\/v2\/posts"}],"about":[{"href":"https:\/\/adriaticorealestate.com\/it\/wp-json\/wp\/v2\/types\/post"}],"author":[{"embeddable":true,"href":"https:\/\/adriaticorealestate.com\/it\/wp-json\/wp\/v2\/users\/3"}],"replies":[{"embeddable":true,"href":"https:\/\/adriaticorealestate.com\/it\/wp-json\/wp\/v2\/comments?post=121191"}],"version-history":[{"count":4,"href":"https:\/\/adriaticorealestate.com\/it\/wp-json\/wp\/v2\/posts\/121191\/revisions"}],"predecessor-version":[{"id":121196,"href":"https:\/\/adriaticorealestate.com\/it\/wp-json\/wp\/v2\/posts\/121191\/revisions\/121196"}],"wp:featuredmedia":[{"embeddable":true,"href":"https:\/\/adriaticorealestate.com\/it\/wp-json\/wp\/v2\/media\/118631"}],"wp:attachment":[{"href":"https:\/\/adriaticorealestate.com\/it\/wp-json\/wp\/v2\/media?parent=121191"}],"wp:term":[{"taxonomy":"category","embeddable":true,"href":"https:\/\/adriaticorealestate.com\/it\/wp-json\/wp\/v2\/categories?post=121191"},{"taxonomy":"post_tag","embeddable":true,"href":"https:\/\/adriaticorealestate.com\/it\/wp-json\/wp\/v2\/tags?post=121191"},{"taxonomy":"yst_prominent_words","embeddable":true,"href":"https:\/\/adriaticorealestate.com\/it\/wp-json\/wp\/v2\/yst_prominent_words?post=121191"}],"curies":[{"name":"wp","href":"https:\/\/api.w.org\/{rel}","templated":true}]}}